{"exhibit":{"title":"30 anos do Programa Agentes Comunit\u00e1rios de Sa\u00fade","description":"<p>Esta pesquisa tem por finalidade identificar e mapear o perfil dos Agentes Comunit\u00e1rios de Sa\u00fade (ACS) e dos Agentes Comunit\u00e1rios de Endemias (ACE), bem como o escopo de atua\u00e7\u00e3o e as potencialidades e\/ou desafios pertinentes \u00e0 sua profiss\u00e3o, balizadas pelos atributos definidos nos marcos legais e por suas pr\u00e1ticas cotidianas no \u00e2mbito do SUS.<br \/>A a\u00e7\u00e3o dos ACS e dos ACE \u00e9 um composto de diferentes compet\u00eancias, alcan\u00e7adas ao longo de sua forma\u00e7\u00e3o e experi\u00eancia. <br \/>Pr\u00f3ximos de completar 30 anos de implanta\u00e7\u00e3o do Programa de Agentes Comunit\u00e1rios de Sa\u00fade (PACS), criado em 1991; 27 anos da Estrat\u00e9gia Sa\u00fade da Fam\u00edlia, criada em 1994; e mais de tr\u00eas d\u00e9cadas do Sistema \u00danico de Sa\u00fade (SUS), que tem nessas estrat\u00e9gias a finalidade de contribuir na constru\u00e7\u00e3o de um novo modelo de cuidar das pessoas o mais pr\u00f3ximo poss\u00edvel dos indiv\u00edduos, fam\u00edlias e comunidades. <br \/>A import\u00e2ncia dos ACS e ACE no contexto do Programa Sa\u00fade da Fam\u00edlia (PSF) no Brasil \u00e9 inquestion\u00e1vel, e esses atores est\u00e3o entre os principais protagonistas das a\u00e7\u00f5es de preven\u00e7\u00e3o e cuidado com a sa\u00fade coletiva no pa\u00eds, integrando com habilidades pr\u00f3prias o bem-sucedido<br \/>PACS. Suas compet\u00eancias ultrapassam a dimens\u00e3o dos saberes e s\u00e3o reconhecidas por sua not\u00e1vel disposi\u00e7\u00e3o no campo do \u201cfazer\u201d, notadamente nas pr\u00e1ticas e na comunica\u00e7\u00e3o comunit\u00e1ria.<br \/>Com a\u00e7\u00f5es orientadas \u00e0 sa\u00fade coletiva e um di\u00e1logo comunit\u00e1rio permanente, o ACS n\u00e3o s\u00f3<br \/>compreende o que est\u00e1 preocupando as fam\u00edlias neste momento de crise sanit\u00e1ria<br \/>internacional, como tamb\u00e9m acompanha em comunh\u00e3o com a popula\u00e7\u00e3o de cada regi\u00e3o do<br \/>Brasil as ang\u00fastias e d\u00favidas, decorrentes da primeira pandemia vivenciada pela maioria da<br \/>popula\u00e7\u00e3o em todo o mundo.<\/p>","credits":"","featured":0,"public":1,"theme":"default","theme_options":"a:1:{s:7:\"default\";a:14:{s:10:\"text_color\";s:7:\"#1F1F1F\";s:16:\"background_color\";s:7:\"#ffffff\";s:10:\"link_color\";s:7:\"#1F1F1F\";s:12:\"button_color\";s:7:\"#B465A6\";s:17:\"button_text_color\";s:7:\"#FFFFFF\";s:18:\"header_title_color\";s:7:\"#000000\";s:11:\"footer_text\";s:82:\"Todos os direitos reservados por copyright, salvo quando \u00e9 indicado o contr\u00e1rio.\";s:24:\"display_footer_copyright\";s:1:\"1\";s:25:\"display_featured_subtitle\";s:1:\"0\";s:17:\"item_file_gallery\";s:1:\"0\";s:19:\"use_advanced_search\";s:1:\"1\";s:27:\"use_original_thumbnail_size\";s:1:\"0\";s:4:\"logo\";s:36:\"50cb6b9f044f095a7409cac8f3cdde10.png\";s:17:\"header_background\";s:36:\"64524da032d3c7dd1b8d72ebc004a7b5.png\";}}","slug":"pacs30anos","added":"2020-05-23 11:38:11","modified":"2024-06-14 21:23:33","owner_id":4,"use_summary_page":1,"cover_image_file_id":null,"id":12},"item":{"item_type_id":1,"collection_id":38,"featured":0,"public":1,"added":"2024-04-29 12:31:37","modified":"2024-10-08 17:44:31","owner_id":3,"id":530}}